{"id":2327,"date":"2026-04-30T15:18:10","date_gmt":"2026-04-30T12:18:10","guid":{"rendered":"https:\/\/saaremaa.edu.ee\/silmapiir\/?p=2327"},"modified":"2026-04-30T15:19:28","modified_gmt":"2026-04-30T12:19:28","slug":"video-intervjuu-eesti-vabariigi-presidendi-alar-karisega","status":"publish","type":"post","link":"https:\/\/saaremaa.edu.ee\/silmapiir\/video-intervjuu-eesti-vabariigi-presidendi-alar-karisega\/","title":{"rendered":"VIDEO | Intervjuu Eesti Vabariigi presidendi Alar Karisega"},"content":{"rendered":"\n<p>1. aprillil k\u00e4is Saaremaa G\u00fcmnaasiumis k\u00fclas Eesti Vabariigi president Alar Karis. Kuigi tema p\u00e4evakava oli tihe, leidis ta siiski hetke, et maha istuda ja vestelda meie meediatiimi liikme ning P\u00d6KS saatejuhi Emma-Liisa Nellisega.<\/p>\n\n\n\n<p>Millest juttu tuli? Vaata videost j\u00e4rele!<\/p>\n\n\n\n<figure class=\"wp-block-video\"><video height=\"1080\" style=\"aspect-ratio: 1920 \/ 1080;\" width=\"1920\" controls src=\"https:\/\/saaremaa.edu.ee\/silmapiir\/wp-content\/uploads\/2026\/04\/KATSE.1000.mp4\"><\/video><\/figure>\n","protected":false},"excerpt":{"rendered":"<p>1. aprillil k\u00e4is Saaremaa G\u00fcmnaasiumis k\u00fclas Eesti Vabariigi president Alar Karis. Kuigi tema p\u00e4evakava oli tihe, leidis ta siiski hetke, et maha istuda ja vestelda meie meediatiimi liikme ning P\u00d6KS saatejuhi Emma-Liisa Nellisega. Millest juttu tuli? Vaata videost j\u00e4rele!<\/p>\n","protected":false},"author":10,"featured_media":2332,"comment_status":"open","ping_status":"open","sticky":false,"template":"templates\/template-cover.php","format":"standard","meta":{"footnotes":""},"categories":[21,56],"tags":[],"class_list":["post-2327","post","type-post","status-publish","format-standard","has-post-thumbnail","hentry","category-intervjuu","category-video"],"yoast_head":"<!-- This site is optimized with the Yoast SEO plugin v27.5 - https:\/\/yoast.com\/product\/yoast-seo-wordpress\/ -->\n<title>VIDEO | Intervjuu Eesti Vabariigi presidendi Alar Karisega - Silmapiir<\/title>\n<meta name=\"description\" content=\"Silmapiir on Saaremaa g\u00fcmnaasiumi veebiv\u00e4ljaanne.\" \/>\n<meta name=\"robots\" content=\"index, follow, max-snippet:-1, max-image-preview:large, max-video-preview:-1\" \/>\n<link rel=\"canonical\" href=\"https:\/\/saaremaa.edu.ee\/silmapiir\/video-intervjuu-eesti-vabariigi-presidendi-alar-karisega\/\" \/>\n<meta property=\"og:locale\" content=\"et_EE\" \/>\n<meta property=\"og:type\" content=\"article\" \/>\n<meta property=\"og:title\" content=\"VIDEO | Intervjuu Eesti Vabariigi presidendi Alar Karisega - Silmapiir\" \/>\n<meta property=\"og:description\" content=\"Silmapiir on Saaremaa g\u00fcmnaasiumi veebiv\u00e4ljaanne.\" \/>\n<meta property=\"og:url\" content=\"https:\/\/saaremaa.edu.ee\/silmapiir\/video-intervjuu-eesti-vabariigi-presidendi-alar-karisega\/\" \/>\n<meta property=\"og:site_name\" content=\"Silmapiir\" \/>\n<meta property=\"article:published_time\" content=\"2026-04-30T12:18:10+00:00\" \/>\n<meta property=\"article:modified_time\" content=\"2026-04-30T12:19:28+00:00\" \/>\n<meta property=\"og:image\" content=\"https:\/\/saaremaa.edu.ee\/silmapiir\/wp-content\/uploads\/2026\/04\/20260401_103630-2-scaled.jpg\" \/>\n\t<meta property=\"og:image:width\" content=\"2560\" \/>\n\t<meta property=\"og:image:height\" content=\"1707\" \/>\n\t<meta property=\"og:image:type\" content=\"image\/jpeg\" \/>\n<meta name=\"author\" content=\"Emma-Liisa Nellis\" \/>\n<meta name=\"twitter:card\" content=\"summary_large_image\" \/>\n<meta name=\"twitter:label1\" content=\"Written by\" \/>\n\t<meta name=\"twitter:data1\" content=\"Emma-Liisa Nellis\" \/>\n\t<meta name=\"twitter:label2\" content=\"Est. reading time\" \/>\n\t<meta name=\"twitter:data2\" content=\"1 minut\" \/>\n<script type=\"application\/ld+json\" class=\"yoast-schema-graph\">{\"@context\":\"https:\\\/\\\/schema.org\",\"@graph\":[{\"@type\":\"Article\",\"@id\":\"https:\\\/\\\/saaremaa.edu.ee\\\/silmapiir\\\/video-intervjuu-eesti-vabariigi-presidendi-alar-karisega\\\/#article\",\"isPartOf\":{\"@id\":\"https:\\\/\\\/saaremaa.edu.ee\\\/silmapiir\\\/video-intervjuu-eesti-vabariigi-presidendi-alar-karisega\\\/\"},\"author\":{\"name\":\"Emma-Liisa Nellis\",\"@id\":\"https:\\\/\\\/saaremaa.edu.ee\\\/silmapiir\\\/#\\\/schema\\\/person\\\/c69bb487fb67cf890995b05d2276341f\"},\"headline\":\"VIDEO | Intervjuu Eesti Vabariigi presidendi Alar Karisega\",\"datePublished\":\"2026-04-30T12:18:10+00:00\",\"dateModified\":\"2026-04-30T12:19:28+00:00\",\"mainEntityOfPage\":{\"@id\":\"https:\\\/\\\/saaremaa.edu.ee\\\/silmapiir\\\/video-intervjuu-eesti-vabariigi-presidendi-alar-karisega\\\/\"},\"wordCount\":51,\"commentCount\":0,\"publisher\":{\"@id\":\"https:\\\/\\\/saaremaa.edu.ee\\\/silmapiir\\\/#organization\"},\"image\":{\"@id\":\"https:\\\/\\\/saaremaa.edu.ee\\\/silmapiir\\\/video-intervjuu-eesti-vabariigi-presidendi-alar-karisega\\\/#primaryimage\"},\"thumbnailUrl\":\"https:\\\/\\\/saaremaa.edu.ee\\\/silmapiir\\\/wp-content\\\/uploads\\\/2026\\\/04\\\/20260401_103630-2-scaled.jpg\",\"articleSection\":[\"Intervjuu\",\"Video\"],\"inLanguage\":\"et\",\"potentialAction\":[{\"@type\":\"CommentAction\",\"name\":\"Comment\",\"target\":[\"https:\\\/\\\/saaremaa.edu.ee\\\/silmapiir\\\/video-intervjuu-eesti-vabariigi-presidendi-alar-karisega\\\/#respond\"]}]},{\"@type\":\"WebPage\",\"@id\":\"https:\\\/\\\/saaremaa.edu.ee\\\/silmapiir\\\/video-intervjuu-eesti-vabariigi-presidendi-alar-karisega\\\/\",\"url\":\"https:\\\/\\\/saaremaa.edu.ee\\\/silmapiir\\\/video-intervjuu-eesti-vabariigi-presidendi-alar-karisega\\\/\",\"name\":\"VIDEO | Intervjuu Eesti Vabariigi presidendi Alar Karisega - Silmapiir\",\"isPartOf\":{\"@id\":\"https:\\\/\\\/saaremaa.edu.ee\\\/silmapiir\\\/#website\"},\"primaryImageOfPage\":{\"@id\":\"https:\\\/\\\/saaremaa.edu.ee\\\/silmapiir\\\/video-intervjuu-eesti-vabariigi-presidendi-alar-karisega\\\/#primaryimage\"},\"image\":{\"@id\":\"https:\\\/\\\/saaremaa.edu.ee\\\/silmapiir\\\/video-intervjuu-eesti-vabariigi-presidendi-alar-karisega\\\/#primaryimage\"},\"thumbnailUrl\":\"https:\\\/\\\/saaremaa.edu.ee\\\/silmapiir\\\/wp-content\\\/uploads\\\/2026\\\/04\\\/20260401_103630-2-scaled.jpg\",\"datePublished\":\"2026-04-30T12:18:10+00:00\",\"dateModified\":\"2026-04-30T12:19:28+00:00\",\"description\":\"Silmapiir on Saaremaa g\u00fcmnaasiumi veebiv\u00e4ljaanne.\",\"breadcrumb\":{\"@id\":\"https:\\\/\\\/saaremaa.edu.ee\\\/silmapiir\\\/video-intervjuu-eesti-vabariigi-presidendi-alar-karisega\\\/#breadcrumb\"},\"inLanguage\":\"et\",\"potentialAction\":[{\"@type\":\"ReadAction\",\"target\":[\"https:\\\/\\\/saaremaa.edu.ee\\\/silmapiir\\\/video-intervjuu-eesti-vabariigi-presidendi-alar-karisega\\\/\"]}]},{\"@type\":\"ImageObject\",\"inLanguage\":\"et\",\"@id\":\"https:\\\/\\\/saaremaa.edu.ee\\\/silmapiir\\\/video-intervjuu-eesti-vabariigi-presidendi-alar-karisega\\\/#primaryimage\",\"url\":\"https:\\\/\\\/saaremaa.edu.ee\\\/silmapiir\\\/wp-content\\\/uploads\\\/2026\\\/04\\\/20260401_103630-2-scaled.jpg\",\"contentUrl\":\"https:\\\/\\\/saaremaa.edu.ee\\\/silmapiir\\\/wp-content\\\/uploads\\\/2026\\\/04\\\/20260401_103630-2-scaled.jpg\",\"width\":2560,\"height\":1707},{\"@type\":\"BreadcrumbList\",\"@id\":\"https:\\\/\\\/saaremaa.edu.ee\\\/silmapiir\\\/video-intervjuu-eesti-vabariigi-presidendi-alar-karisega\\\/#breadcrumb\",\"itemListElement\":[{\"@type\":\"ListItem\",\"position\":1,\"name\":\"Koduleht\",\"item\":\"https:\\\/\\\/saaremaa.edu.ee\\\/silmapiir\\\/\"},{\"@type\":\"ListItem\",\"position\":2,\"name\":\"VIDEO | Intervjuu Eesti Vabariigi presidendi Alar Karisega\"}]},{\"@type\":\"WebSite\",\"@id\":\"https:\\\/\\\/saaremaa.edu.ee\\\/silmapiir\\\/#website\",\"url\":\"https:\\\/\\\/saaremaa.edu.ee\\\/silmapiir\\\/\",\"name\":\"Silmapiir\",\"description\":\"Saaremaa G\u00fcmnaasiumi veebiv\u00e4ljaanne\",\"publisher\":{\"@id\":\"https:\\\/\\\/saaremaa.edu.ee\\\/silmapiir\\\/#organization\"},\"potentialAction\":[{\"@type\":\"SearchAction\",\"target\":{\"@type\":\"EntryPoint\",\"urlTemplate\":\"https:\\\/\\\/saaremaa.edu.ee\\\/silmapiir\\\/?s={search_term_string}\"},\"query-input\":{\"@type\":\"PropertyValueSpecification\",\"valueRequired\":true,\"valueName\":\"search_term_string\"}}],\"inLanguage\":\"et\"},{\"@type\":\"Organization\",\"@id\":\"https:\\\/\\\/saaremaa.edu.ee\\\/silmapiir\\\/#organization\",\"name\":\"Silmapiir\",\"url\":\"https:\\\/\\\/saaremaa.edu.ee\\\/silmapiir\\\/\",\"logo\":{\"@type\":\"ImageObject\",\"inLanguage\":\"et\",\"@id\":\"https:\\\/\\\/saaremaa.edu.ee\\\/silmapiir\\\/#\\\/schema\\\/logo\\\/image\\\/\",\"url\":\"https:\\\/\\\/saaremaa.edu.ee\\\/silmapiir\\\/wp-content\\\/uploads\\\/2022\\\/02\\\/Frame-13.jpg\",\"contentUrl\":\"https:\\\/\\\/saaremaa.edu.ee\\\/silmapiir\\\/wp-content\\\/uploads\\\/2022\\\/02\\\/Frame-13.jpg\",\"width\":1680,\"height\":900,\"caption\":\"Silmapiir\"},\"image\":{\"@id\":\"https:\\\/\\\/saaremaa.edu.ee\\\/silmapiir\\\/#\\\/schema\\\/logo\\\/image\\\/\"}},{\"@type\":\"Person\",\"@id\":\"https:\\\/\\\/saaremaa.edu.ee\\\/silmapiir\\\/#\\\/schema\\\/person\\\/c69bb487fb67cf890995b05d2276341f\",\"name\":\"Emma-Liisa Nellis\",\"image\":{\"@type\":\"ImageObject\",\"inLanguage\":\"et\",\"@id\":\"https:\\\/\\\/secure.gravatar.com\\\/avatar\\\/?s=96&d=mm&r=g\",\"url\":\"https:\\\/\\\/secure.gravatar.com\\\/avatar\\\/?s=96&d=mm&r=g\",\"contentUrl\":\"https:\\\/\\\/secure.gravatar.com\\\/avatar\\\/?s=96&d=mm&r=g\",\"caption\":\"Emma-Liisa Nellis\"},\"url\":\"#molongui-disabled-link\"}]}<\/script>\n<!-- \/ Yoast SEO plugin. -->","yoast_head_json":{"title":"VIDEO | Intervjuu Eesti Vabariigi presidendi Alar Karisega - Silmapiir","description":"Silmapiir on Saaremaa g\u00fcmnaasiumi veebiv\u00e4ljaanne.","robots":{"index":"index","follow":"follow","max-snippet":"max-snippet:-1","max-image-preview":"max-image-preview:large","max-video-preview":"max-video-preview:-1"},"canonical":"https:\/\/saaremaa.edu.ee\/silmapiir\/video-intervjuu-eesti-vabariigi-presidendi-alar-karisega\/","og_locale":"et_EE","og_type":"article","og_title":"VIDEO | Intervjuu Eesti Vabariigi presidendi Alar Karisega - Silmapiir","og_description":"Silmapiir on Saaremaa g\u00fcmnaasiumi veebiv\u00e4ljaanne.","og_url":"https:\/\/saaremaa.edu.ee\/silmapiir\/video-intervjuu-eesti-vabariigi-presidendi-alar-karisega\/","og_site_name":"Silmapiir","article_published_time":"2026-04-30T12:18:10+00:00","article_modified_time":"2026-04-30T12:19:28+00:00","og_image":[{"width":2560,"height":1707,"url":"https:\/\/saaremaa.edu.ee\/silmapiir\/wp-content\/uploads\/2026\/04\/20260401_103630-2-scaled.jpg","type":"image\/jpeg"}],"author":"Emma-Liisa Nellis","twitter_card":"summary_large_image","twitter_misc":{"Written by":"Emma-Liisa Nellis","Est. reading time":"1 minut"},"schema":{"@context":"https:\/\/schema.org","@graph":[{"@type":"Article","@id":"https:\/\/saaremaa.edu.ee\/silmapiir\/video-intervjuu-eesti-vabariigi-presidendi-alar-karisega\/#article","isPartOf":{"@id":"https:\/\/saaremaa.edu.ee\/silmapiir\/video-intervjuu-eesti-vabariigi-presidendi-alar-karisega\/"},"author":{"name":"Emma-Liisa Nellis","@id":"https:\/\/saaremaa.edu.ee\/silmapiir\/#\/schema\/person\/c69bb487fb67cf890995b05d2276341f"},"headline":"VIDEO | Intervjuu Eesti Vabariigi presidendi Alar Karisega","datePublished":"2026-04-30T12:18:10+00:00","dateModified":"2026-04-30T12:19:28+00:00","mainEntityOfPage":{"@id":"https:\/\/saaremaa.edu.ee\/silmapiir\/video-intervjuu-eesti-vabariigi-presidendi-alar-karisega\/"},"wordCount":51,"commentCount":0,"publisher":{"@id":"https:\/\/saaremaa.edu.ee\/silmapiir\/#organization"},"image":{"@id":"https:\/\/saaremaa.edu.ee\/silmapiir\/video-intervjuu-eesti-vabariigi-presidendi-alar-karisega\/#primaryimage"},"thumbnailUrl":"https:\/\/saaremaa.edu.ee\/silmapiir\/wp-content\/uploads\/2026\/04\/20260401_103630-2-scaled.jpg","articleSection":["Intervjuu","Video"],"inLanguage":"et","potentialAction":[{"@type":"CommentAction","name":"Comment","target":["https:\/\/saaremaa.edu.ee\/silmapiir\/video-intervjuu-eesti-vabariigi-presidendi-alar-karisega\/#respond"]}]},{"@type":"WebPage","@id":"https:\/\/saaremaa.edu.ee\/silmapiir\/video-intervjuu-eesti-vabariigi-presidendi-alar-karisega\/","url":"https:\/\/saaremaa.edu.ee\/silmapiir\/video-intervjuu-eesti-vabariigi-presidendi-alar-karisega\/","name":"VIDEO | Intervjuu Eesti Vabariigi presidendi Alar Karisega - Silmapiir","isPartOf":{"@id":"https:\/\/saaremaa.edu.ee\/silmapiir\/#website"},"primaryImageOfPage":{"@id":"https:\/\/saaremaa.edu.ee\/silmapiir\/video-intervjuu-eesti-vabariigi-presidendi-alar-karisega\/#primaryimage"},"image":{"@id":"https:\/\/saaremaa.edu.ee\/silmapiir\/video-intervjuu-eesti-vabariigi-presidendi-alar-karisega\/#primaryimage"},"thumbnailUrl":"https:\/\/saaremaa.edu.ee\/silmapiir\/wp-content\/uploads\/2026\/04\/20260401_103630-2-scaled.jpg","datePublished":"2026-04-30T12:18:10+00:00","dateModified":"2026-04-30T12:19:28+00:00","description":"Silmapiir on Saaremaa g\u00fcmnaasiumi veebiv\u00e4ljaanne.","breadcrumb":{"@id":"https:\/\/saaremaa.edu.ee\/silmapiir\/video-intervjuu-eesti-vabariigi-presidendi-alar-karisega\/#breadcrumb"},"inLanguage":"et","potentialAction":[{"@type":"ReadAction","target":["https:\/\/saaremaa.edu.ee\/silmapiir\/video-intervjuu-eesti-vabariigi-presidendi-alar-karisega\/"]}]},{"@type":"ImageObject","inLanguage":"et","@id":"https:\/\/saaremaa.edu.ee\/silmapiir\/video-intervjuu-eesti-vabariigi-presidendi-alar-karisega\/#primaryimage","url":"https:\/\/saaremaa.edu.ee\/silmapiir\/wp-content\/uploads\/2026\/04\/20260401_103630-2-scaled.jpg","contentUrl":"https:\/\/saaremaa.edu.ee\/silmapiir\/wp-content\/uploads\/2026\/04\/20260401_103630-2-scaled.jpg","width":2560,"height":1707},{"@type":"BreadcrumbList","@id":"https:\/\/saaremaa.edu.ee\/silmapiir\/video-intervjuu-eesti-vabariigi-presidendi-alar-karisega\/#breadcrumb","itemListElement":[{"@type":"ListItem","position":1,"name":"Koduleht","item":"https:\/\/saaremaa.edu.ee\/silmapiir\/"},{"@type":"ListItem","position":2,"name":"VIDEO | Intervjuu Eesti Vabariigi presidendi Alar Karisega"}]},{"@type":"WebSite","@id":"https:\/\/saaremaa.edu.ee\/silmapiir\/#website","url":"https:\/\/saaremaa.edu.ee\/silmapiir\/","name":"Silmapiir","description":"Saaremaa G\u00fcmnaasiumi veebiv\u00e4ljaanne","publisher":{"@id":"https:\/\/saaremaa.edu.ee\/silmapiir\/#organization"},"potentialAction":[{"@type":"SearchAction","target":{"@type":"EntryPoint","urlTemplate":"https:\/\/saaremaa.edu.ee\/silmapiir\/?s={search_term_string}"},"query-input":{"@type":"PropertyValueSpecification","valueRequired":true,"valueName":"search_term_string"}}],"inLanguage":"et"},{"@type":"Organization","@id":"https:\/\/saaremaa.edu.ee\/silmapiir\/#organization","name":"Silmapiir","url":"https:\/\/saaremaa.edu.ee\/silmapiir\/","logo":{"@type":"ImageObject","inLanguage":"et","@id":"https:\/\/saaremaa.edu.ee\/silmapiir\/#\/schema\/logo\/image\/","url":"https:\/\/saaremaa.edu.ee\/silmapiir\/wp-content\/uploads\/2022\/02\/Frame-13.jpg","contentUrl":"https:\/\/saaremaa.edu.ee\/silmapiir\/wp-content\/uploads\/2022\/02\/Frame-13.jpg","width":1680,"height":900,"caption":"Silmapiir"},"image":{"@id":"https:\/\/saaremaa.edu.ee\/silmapiir\/#\/schema\/logo\/image\/"}},{"@type":"Person","@id":"https:\/\/saaremaa.edu.ee\/silmapiir\/#\/schema\/person\/c69bb487fb67cf890995b05d2276341f","name":"Emma-Liisa Nellis","image":{"@type":"ImageObject","inLanguage":"et","@id":"https:\/\/secure.gravatar.com\/avatar\/?s=96&d=mm&r=g","url":"https:\/\/secure.gravatar.com\/avatar\/?s=96&d=mm&r=g","contentUrl":"https:\/\/secure.gravatar.com\/avatar\/?s=96&d=mm&r=g","caption":"Emma-Liisa Nellis"},"url":"#molongui-disabled-link"}]}},"_links":{"self":[{"href":"https:\/\/saaremaa.edu.ee\/silmapiir\/wp-json\/wp\/v2\/posts\/2327","targetHints":{"allow":["GET"]}}],"collection":[{"href":"https:\/\/saaremaa.edu.ee\/silmapiir\/wp-json\/wp\/v2\/posts"}],"about":[{"href":"https:\/\/saaremaa.edu.ee\/silmapiir\/wp-json\/wp\/v2\/types\/post"}],"author":[{"embeddable":true,"href":"https:\/\/saaremaa.edu.ee\/silmapiir\/wp-json\/wp\/v2\/users\/10"}],"replies":[{"embeddable":true,"href":"https:\/\/saaremaa.edu.ee\/silmapiir\/wp-json\/wp\/v2\/comments?post=2327"}],"version-history":[{"count":5,"href":"https:\/\/saaremaa.edu.ee\/silmapiir\/wp-json\/wp\/v2\/posts\/2327\/revisions"}],"predecessor-version":[{"id":2395,"href":"https:\/\/saaremaa.edu.ee\/silmapiir\/wp-json\/wp\/v2\/posts\/2327\/revisions\/2395"}],"wp:featuredmedia":[{"embeddable":true,"href":"https:\/\/saaremaa.edu.ee\/silmapiir\/wp-json\/wp\/v2\/media\/2332"}],"wp:attachment":[{"href":"https:\/\/saaremaa.edu.ee\/silmapiir\/wp-json\/wp\/v2\/media?parent=2327"}],"wp:term":[{"taxonomy":"category","embeddable":true,"href":"https:\/\/saaremaa.edu.ee\/silmapiir\/wp-json\/wp\/v2\/categories?post=2327"},{"taxonomy":"post_tag","embeddable":true,"href":"https:\/\/saaremaa.edu.ee\/silmapiir\/wp-json\/wp\/v2\/tags?post=2327"}],"curies":[{"name":"wp","href":"https:\/\/api.w.org\/{rel}","templated":true}]}}